{"id":1059,"date":"2020-01-18T11:05:06","date_gmt":"2020-01-18T10:05:06","guid":{"rendered":"http:\/\/relaunch2021.ferger-metallbau.de\/?p=1059"},"modified":"2021-07-13T09:30:45","modified_gmt":"2021-07-13T07:30:45","slug":"news-von-ferger-1-4","status":"publish","type":"post","link":"https:\/\/ferger-metallbau.de\/en\/2020\/01\/18\/news-von-ferger-1-4\/","title":{"rendered":"Ehrung f\u00fcr langj\u00e4hrige Mitarbeiter \u2013 2019"},"content":{"rendered":"<div data-elementor-type=\"wp-post\" data-elementor-id=\"1059\" class=\"elementor elementor-1059\">\n\t\t\t\t\t\t<section class=\"elementor-section elementor-top-section elementor-element elementor-element-5b1a1f9 elementor-section-boxed elementor-section-height-default elementor-section-height-default qodef-elementor-content-no\" data-id=\"5b1a1f9\" data-element_type=\"section\" data-e-type=\"section\">\n\t\t\t\t\t\t<div class=\"elementor-container elementor-column-gap-default\">\n\t\t\t\t\t<div class=\"elementor-column elementor-col-100 elementor-top-column elementor-element elementor-element-e356c28\" data-id=\"e356c28\" data-element_type=\"column\" data-e-type=\"column\">\n\t\t\t<div class=\"elementor-widget-wrap elementor-element-populated\">\n\t\t\t\t\t\t<div class=\"elementor-element elementor-element-16489b0 elementor-widget elementor-widget-text-editor\" data-id=\"16489b0\" data-element_type=\"widget\" data-e-type=\"widget\" data-widget_type=\"text-editor.default\">\n\t\t\t\t<div class=\"elementor-widget-container\">\n\t\t\t\t\t\t\t\t\t<h4>Ehrung f\u00fcr Mitarbeiter \u2013 eine langj\u00e4hrige Tradition<\/h4><p><strong>Winnen<\/strong>. Anl\u00e4sslich der Weihnachtsfeier der Firma Ferger Metallbau GmbH wurden auch in 2019 langj\u00e4hrige und verdiente Mitarbeiter durch die Gesch\u00e4ftsf\u00fchrer Volker, Florian und Kristin Ferger geehrt.<\/p><p>\u00a0<\/p><p>F\u00fcr 30 Jahre Firmenzugeh\u00f6rigkeit wurden Bernd R\u00fcbenacke, Detlef Kuhfs und Mario Kraft ausgezeichnet. Andreas M\u00fcller, Klaus Dorten, Simon Weinlich und Thomas Gas blicken auf 10 Jahre Betriebsmitgliedschaft zur\u00fcck. Die Mitarbeiter wurden mit Reisegutscheinen bzw. Geldbetr\u00e4gen bedacht.<\/p><p>\u00a0<\/p><p>Dar\u00fcber hinaus kann auch der Gesch\u00e4ftsf\u00fchrer Volker Ferger auf 25 Jahre Betriebszugeh\u00f6rigkeit zur\u00fcckblicken und wurde durch seine Kinder Florian und Kristin Ferger geehrt.<\/p><p>\u00a0<\/p><p>Die Firma FERGER Metallbau GmbH existiert bereits seit 66 Jahren. Das Unternehmen hat sich seit der Gr\u00fcndung im Jahr 1954 konstant weiterentwickelt, heute werden 80 Mitarbeiter besch\u00e4ftigt. Die Leistungsf\u00e4higkeit zeigt sich in eindrucksvollen Gro\u00dfobjekten im In- und Ausland.<\/p><p><strong>\u00a0<\/strong><\/p>\t\t\t\t\t\t\t\t<\/div>\n\t\t\t\t<\/div>\n\t\t\t\t\t<\/div>\n\t\t<\/div>\n\t\t\t\t\t<\/div>\n\t\t<\/section>\n\t\t\t\t<\/div>","protected":false},"excerpt":{"rendered":"<p>Anl\u00e4sslich der Weihnachtsfeier der Firma Ferger Metallbau GmbH wurden auch in 2019 langj\u00e4hrige und verdiente Mitarbeiter geehrt.<\/p>","protected":false},"author":3,"featured_media":1065,"comment_status":"closed","ping_status":"closed","sticky":false,"template":"","format":"standard","meta":{"inline_featured_image":false,"footnotes":""},"categories":[1,20],"tags":[31,24],"class_list":["post-1059","post","type-post","status-publish","format-standard","has-post-thumbnail","hentry","category-allgemein","category-team","tag-ehrung-mitarbeiter","tag-weihnachtsfeier"],"_links":{"self":[{"href":"https:\/\/ferger-metallbau.de\/en\/wp-json\/wp\/v2\/posts\/1059","targetHints":{"allow":["GET"]}}],"collection":[{"href":"https:\/\/ferger-metallbau.de\/en\/wp-json\/wp\/v2\/posts"}],"about":[{"href":"https:\/\/ferger-metallbau.de\/en\/wp-json\/wp\/v2\/types\/post"}],"author":[{"embeddable":true,"href":"https:\/\/ferger-metallbau.de\/en\/wp-json\/wp\/v2\/users\/3"}],"replies":[{"embeddable":true,"href":"https:\/\/ferger-metallbau.de\/en\/wp-json\/wp\/v2\/comments?post=1059"}],"version-history":[{"count":13,"href":"https:\/\/ferger-metallbau.de\/en\/wp-json\/wp\/v2\/posts\/1059\/revisions"}],"predecessor-version":[{"id":3715,"href":"https:\/\/ferger-metallbau.de\/en\/wp-json\/wp\/v2\/posts\/1059\/revisions\/3715"}],"wp:featuredmedia":[{"embeddable":true,"href":"https:\/\/ferger-metallbau.de\/en\/wp-json\/wp\/v2\/media\/1065"}],"wp:attachment":[{"href":"https:\/\/ferger-metallbau.de\/en\/wp-json\/wp\/v2\/media?parent=1059"}],"wp:term":[{"taxonomy":"category","embeddable":true,"href":"https:\/\/ferger-metallbau.de\/en\/wp-json\/wp\/v2\/categories?post=1059"},{"taxonomy":"post_tag","embeddable":true,"href":"https:\/\/ferger-metallbau.de\/en\/wp-json\/wp\/v2\/tags?post=1059"}],"curies":[{"name":"wp","href":"https:\/\/api.w.org\/{rel}","templated":true}]}}