{"id":3682,"date":"2021-07-13T08:11:01","date_gmt":"2021-07-13T06:11:01","guid":{"rendered":"https:\/\/ferger-metallbau.de\/?p=3682"},"modified":"2021-07-13T09:35:35","modified_gmt":"2021-07-13T07:35:35","slug":"news-von-ferger-1-3-2","status":"publish","type":"post","link":"https:\/\/ferger-metallbau.de\/en\/2021\/07\/13\/news-von-ferger-1-3-2\/","title":{"rendered":"Ferger Metallbau investiert 5 Millionen Euro in neues Fertigungszentrum"},"content":{"rendered":"<div data-elementor-type=\"wp-post\" data-elementor-id=\"3682\" class=\"elementor elementor-3682\">\n\t\t\t\t\t\t<section class=\"elementor-section elementor-top-section elementor-element elementor-element-882cd87 elementor-section-boxed elementor-section-height-default elementor-section-height-default qodef-elementor-content-no\" data-id=\"882cd87\" data-element_type=\"section\" data-e-type=\"section\">\n\t\t\t\t\t\t<div class=\"elementor-container elementor-column-gap-default\">\n\t\t\t\t\t<div class=\"elementor-column elementor-col-100 elementor-top-column elementor-element elementor-element-fe384fb\" data-id=\"fe384fb\" data-element_type=\"column\" data-e-type=\"column\">\n\t\t\t<div class=\"elementor-widget-wrap elementor-element-populated\">\n\t\t\t\t\t\t<div class=\"elementor-element elementor-element-16489b0 elementor-widget elementor-widget-text-editor\" data-id=\"16489b0\" data-element_type=\"widget\" data-e-type=\"widget\" data-widget_type=\"text-editor.default\">\n\t\t\t\t<div class=\"elementor-widget-container\">\n\t\t\t\t\t\t\t\t\t<p>Aufgrund der starken Expansion in den vergangenen Jahren hat sich die Ferger-Gruppe entschlossen, ca. 5 Millionen Euro in eine neue Produktionshalle zu investieren. Gleichzeitig wurde in Absprache mit den verantwortlichen Beh\u00f6rden das Gewerbegebiet um ca. 30.000 qm erweitert.<\/p><p>Das beauftragte Architekturb\u00fcro Graf aus Dernbach plant einen futuristischen Hallenneubau, in dem, mit Hilfe von Digitalisierung und Automatisierung das modernste Fertigungszentrum f\u00fcr Aluminium-Serienfenster in Deutschland entstehen wird.<\/p><p>Des Weiteren wurde der Mitarbeiterparkplatz erweitert, um gen\u00fcgend Platz f\u00fcr einen reibungslosen und schnellen Logistikablauf \/ Warenfluss zu schaffen. Der neue Parkplatz wurde auch f\u00fcr Wanderer ansprechend gestaltet und mit einer Wanderkarte, sowie einer Sitzbank \u2013 f\u00fcr eine kleine Rast &#8211; ausgestattet.<\/p><p>Ferger geh\u00f6rt heute mit einem Umsatz von 30 Millionen Euro und 80 Mitarbeitern zu den f\u00fchrenden Anbietern von Aluminiumfenstern und -fassaden in Deutschland.<\/p><p>Die im Westerwald hergestellten Elemente werden im gesamten Bundesgebiet und im angrenzenden Ausland montiert. Die bisher am weitesten entfernte Baustelle wurde in Nigeria realisiert.<\/p><p>Die n\u00e4chste Generation der Gesch\u00e4ftsleitung hat sich in den vergangenen 5 Jahren fest etabliert und sieht mit ihrem erfahrenen, hochmotivierten Team den n\u00e4chsten Jahren optimistisch entgegen; Auftr\u00e4ge f\u00fcr 2022 und zum Teil f\u00fcr 2023 \/ 2024 liegen bereits vor.<\/p><p>Problematisch scheint lediglich das fehlende Interesse von j\u00fcngeren Menschen an einem Ausbildungsberuf im Handwerk.<\/p><p>Umweltschutz und Nachhaltigkeit sind wichtige Themen bei den unternehmerischen Entscheidungen von Ferger. In der Vergangenheit hat die Ferger-Gruppe schon mehrfach in Photovoltaik-Anlagen und Windkraftanlagen investiert. Dar\u00fcber hinaus verwendet die Firma Ferger Metallbau GmbH bei ihren Auftr\u00e4gen recyceltes CIRCAL-Aluminium, um zur Reduzierung der globalen Emissionen beizutragen. Jetzt wurde in Absprache mit der Forstbeh\u00f6rde und der Ortsgemeinde die Aufforstung der gesch\u00e4digten W\u00e4lder in der Gemeinde zugesagt.<\/p><p>Die Fertigstellung der Gesamtinvestition ist f\u00fcr Ende 2021 geplant.<\/p>\t\t\t\t\t\t\t\t<\/div>\n\t\t\t\t<\/div>\n\t\t\t\t\t<\/div>\n\t\t<\/div>\n\t\t\t\t\t<\/div>\n\t\t<\/section>\n\t\t\t\t<section class=\"elementor-section elementor-top-section elementor-element elementor-element-5b1a1f9 elementor-section-boxed elementor-section-height-default elementor-section-height-default qodef-elementor-content-no\" data-id=\"5b1a1f9\" data-element_type=\"section\" data-e-type=\"section\">\n\t\t\t\t\t\t<div class=\"elementor-container elementor-column-gap-default\">\n\t\t\t\t\t<div class=\"elementor-column elementor-col-100 elementor-top-column elementor-element elementor-element-faa7b07\" data-id=\"faa7b07\" data-element_type=\"column\" data-e-type=\"column\">\n\t\t\t<div class=\"elementor-widget-wrap elementor-element-populated\">\n\t\t\t\t\t\t<div class=\"elementor-element elementor-element-1edb51d elementor-widget elementor-widget-qi_addons_for_elementor_image_gallery_pinterest\" data-id=\"1edb51d\" data-element_type=\"widget\" data-e-type=\"widget\" data-widget_type=\"qi_addons_for_elementor_image_gallery_pinterest.default\">\n\t\t\t\t<div class=\"elementor-widget-container\">\n\t\t\t\t\t<div class=\"qodef-shortcode qodef-m qodef-qi-image-gallery-pinterest qodef-qi-fslightbox-popup qodef-popup-gallery qodef-image--hover-zoom qodef-qi-grid qodef-layout--qi-masonry qodef-col-num--4 qodef-responsive--predefined\">\n\t<div class=\"qodef-grid-inner\">\n\t\t\t<div class=\"qodef-qi-grid-masonry-sizer\"><\/div>\n<div class=\"qodef-e qodef-image-wrapper qodef-grid-item\">\n\t<div class=\"qodef-e-inner\">\n\t\t\t\t\t<a class=\"qodef-popup-item\" itemprop=\"image\" href=\"https:\/\/ferger-metallbau.de\/wp-content\/uploads\/2021\/07\/Ferger_Neubau_IMG_3283.jpg\" data-type=\"image\" data-fslightbox=\"gallery-208\">\n\t\t\t\t\t<img fetchpriority=\"high\" decoding=\"async\" width=\"1831\" height=\"1314\" src=\"https:\/\/ferger-metallbau.de\/wp-content\/uploads\/2021\/07\/Ferger_Neubau_IMG_3283.jpg\" class=\"attachment-full size-full\" alt=\"\" srcset=\"https:\/\/ferger-metallbau.de\/wp-content\/uploads\/2021\/07\/Ferger_Neubau_IMG_3283.jpg 1831w, https:\/\/ferger-metallbau.de\/wp-content\/uploads\/2021\/07\/Ferger_Neubau_IMG_3283-300x215.jpg 300w, https:\/\/ferger-metallbau.de\/wp-content\/uploads\/2021\/07\/Ferger_Neubau_IMG_3283-1024x735.jpg 1024w, https:\/\/ferger-metallbau.de\/wp-content\/uploads\/2021\/07\/Ferger_Neubau_IMG_3283-768x551.jpg 768w, https:\/\/ferger-metallbau.de\/wp-content\/uploads\/2021\/07\/Ferger_Neubau_IMG_3283-1536x1102.jpg 1536w, https:\/\/ferger-metallbau.de\/wp-content\/uploads\/2021\/07\/Ferger_Neubau_IMG_3283-16x12.jpg 16w\" sizes=\"(max-width: 1831px) 100vw, 1831px\" \/>\t\t\t\t\t<\/a>\n\t\t\t<\/div>\n<\/div>\n<div class=\"qodef-e qodef-image-wrapper qodef-grid-item\">\n\t<div class=\"qodef-e-inner\">\n\t\t\t\t\t<a class=\"qodef-popup-item\" itemprop=\"image\" href=\"https:\/\/ferger-metallbau.de\/wp-content\/uploads\/2021\/07\/Ferger_Neubau_IMG_32861.jpg\" data-type=\"image\" data-fslightbox=\"gallery-208\">\n\t\t\t\t\t<img decoding=\"async\" width=\"1843\" height=\"1077\" src=\"https:\/\/ferger-metallbau.de\/wp-content\/uploads\/2021\/07\/Ferger_Neubau_IMG_32861.jpg\" class=\"attachment-full size-full\" alt=\"\" srcset=\"https:\/\/ferger-metallbau.de\/wp-content\/uploads\/2021\/07\/Ferger_Neubau_IMG_32861.jpg 1843w, https:\/\/ferger-metallbau.de\/wp-content\/uploads\/2021\/07\/Ferger_Neubau_IMG_32861-300x175.jpg 300w, https:\/\/ferger-metallbau.de\/wp-content\/uploads\/2021\/07\/Ferger_Neubau_IMG_32861-1024x598.jpg 1024w, https:\/\/ferger-metallbau.de\/wp-content\/uploads\/2021\/07\/Ferger_Neubau_IMG_32861-768x449.jpg 768w, https:\/\/ferger-metallbau.de\/wp-content\/uploads\/2021\/07\/Ferger_Neubau_IMG_32861-1536x898.jpg 1536w, https:\/\/ferger-metallbau.de\/wp-content\/uploads\/2021\/07\/Ferger_Neubau_IMG_32861-16x9.jpg 16w\" sizes=\"(max-width: 1843px) 100vw, 1843px\" \/>\t\t\t\t\t<\/a>\n\t\t\t<\/div>\n<\/div>\n<div class=\"qodef-e qodef-image-wrapper qodef-grid-item\">\n\t<div class=\"qodef-e-inner\">\n\t\t\t\t\t<a class=\"qodef-popup-item\" itemprop=\"image\" href=\"https:\/\/ferger-metallbau.de\/wp-content\/uploads\/2021\/07\/Ferger_Neubau_IMG_33151.jpg\" data-type=\"image\" data-fslightbox=\"gallery-208\">\n\t\t\t\t\t<img decoding=\"async\" width=\"1864\" height=\"1395\" src=\"https:\/\/ferger-metallbau.de\/wp-content\/uploads\/2021\/07\/Ferger_Neubau_IMG_33151.jpg\" class=\"attachment-full size-full\" alt=\"\" srcset=\"https:\/\/ferger-metallbau.de\/wp-content\/uploads\/2021\/07\/Ferger_Neubau_IMG_33151.jpg 1864w, https:\/\/ferger-metallbau.de\/wp-content\/uploads\/2021\/07\/Ferger_Neubau_IMG_33151-300x225.jpg 300w, https:\/\/ferger-metallbau.de\/wp-content\/uploads\/2021\/07\/Ferger_Neubau_IMG_33151-1024x766.jpg 1024w, https:\/\/ferger-metallbau.de\/wp-content\/uploads\/2021\/07\/Ferger_Neubau_IMG_33151-768x575.jpg 768w, https:\/\/ferger-metallbau.de\/wp-content\/uploads\/2021\/07\/Ferger_Neubau_IMG_33151-1536x1150.jpg 1536w, https:\/\/ferger-metallbau.de\/wp-content\/uploads\/2021\/07\/Ferger_Neubau_IMG_33151-16x12.jpg 16w\" sizes=\"(max-width: 1864px) 100vw, 1864px\" \/>\t\t\t\t\t<\/a>\n\t\t\t<\/div>\n<\/div>\n<div class=\"qodef-e qodef-image-wrapper qodef-grid-item\">\n\t<div class=\"qodef-e-inner\">\n\t\t\t\t\t<a class=\"qodef-popup-item\" itemprop=\"image\" href=\"https:\/\/ferger-metallbau.de\/wp-content\/uploads\/2021\/07\/Ferger_Neubau_IMG_3325_NEU.jpg\" data-type=\"image\" data-fslightbox=\"gallery-208\">\n\t\t\t\t\t<img loading=\"lazy\" decoding=\"async\" width=\"2000\" height=\"1355\" src=\"https:\/\/ferger-metallbau.de\/wp-content\/uploads\/2021\/07\/Ferger_Neubau_IMG_3325_NEU.jpg\" class=\"attachment-full size-full\" alt=\"\" srcset=\"https:\/\/ferger-metallbau.de\/wp-content\/uploads\/2021\/07\/Ferger_Neubau_IMG_3325_NEU.jpg 2000w, https:\/\/ferger-metallbau.de\/wp-content\/uploads\/2021\/07\/Ferger_Neubau_IMG_3325_NEU-300x203.jpg 300w, https:\/\/ferger-metallbau.de\/wp-content\/uploads\/2021\/07\/Ferger_Neubau_IMG_3325_NEU-1024x694.jpg 1024w, https:\/\/ferger-metallbau.de\/wp-content\/uploads\/2021\/07\/Ferger_Neubau_IMG_3325_NEU-768x520.jpg 768w, https:\/\/ferger-metallbau.de\/wp-content\/uploads\/2021\/07\/Ferger_Neubau_IMG_3325_NEU-1536x1041.jpg 1536w, https:\/\/ferger-metallbau.de\/wp-content\/uploads\/2021\/07\/Ferger_Neubau_IMG_3325_NEU-16x12.jpg 16w\" sizes=\"(max-width: 2000px) 100vw, 2000px\" \/>\t\t\t\t\t<\/a>\n\t\t\t<\/div>\n<\/div>\n<div class=\"qodef-e qodef-image-wrapper qodef-grid-item\">\n\t<div class=\"qodef-e-inner\">\n\t\t\t\t\t<a class=\"qodef-popup-item\" itemprop=\"image\" href=\"https:\/\/ferger-metallbau.de\/wp-content\/uploads\/2021\/07\/Ferger_Neubau_IMG_2305_NEU.jpg\" data-type=\"image\" data-fslightbox=\"gallery-208\">\n\t\t\t\t\t<img loading=\"lazy\" decoding=\"async\" width=\"2000\" height=\"1503\" src=\"https:\/\/ferger-metallbau.de\/wp-content\/uploads\/2021\/07\/Ferger_Neubau_IMG_2305_NEU.jpg\" class=\"attachment-full size-full\" alt=\"\" srcset=\"https:\/\/ferger-metallbau.de\/wp-content\/uploads\/2021\/07\/Ferger_Neubau_IMG_2305_NEU.jpg 2000w, https:\/\/ferger-metallbau.de\/wp-content\/uploads\/2021\/07\/Ferger_Neubau_IMG_2305_NEU-300x225.jpg 300w, https:\/\/ferger-metallbau.de\/wp-content\/uploads\/2021\/07\/Ferger_Neubau_IMG_2305_NEU-1024x770.jpg 1024w, https:\/\/ferger-metallbau.de\/wp-content\/uploads\/2021\/07\/Ferger_Neubau_IMG_2305_NEU-768x577.jpg 768w, https:\/\/ferger-metallbau.de\/wp-content\/uploads\/2021\/07\/Ferger_Neubau_IMG_2305_NEU-1536x1154.jpg 1536w, https:\/\/ferger-metallbau.de\/wp-content\/uploads\/2021\/07\/Ferger_Neubau_IMG_2305_NEU-16x12.jpg 16w\" sizes=\"(max-width: 2000px) 100vw, 2000px\" \/>\t\t\t\t\t<\/a>\n\t\t\t<\/div>\n<\/div>\n<div class=\"qodef-e qodef-image-wrapper qodef-grid-item\">\n\t<div class=\"qodef-e-inner\">\n\t\t\t\t\t<a class=\"qodef-popup-item\" itemprop=\"image\" href=\"https:\/\/ferger-metallbau.de\/wp-content\/uploads\/2021\/07\/Ferger_Neubau_IMG_33191.jpg\" data-type=\"image\" data-fslightbox=\"gallery-208\">\n\t\t\t\t\t<img loading=\"lazy\" decoding=\"async\" width=\"1790\" height=\"1238\" src=\"https:\/\/ferger-metallbau.de\/wp-content\/uploads\/2021\/07\/Ferger_Neubau_IMG_33191.jpg\" class=\"attachment-full size-full\" alt=\"\" srcset=\"https:\/\/ferger-metallbau.de\/wp-content\/uploads\/2021\/07\/Ferger_Neubau_IMG_33191.jpg 1790w, https:\/\/ferger-metallbau.de\/wp-content\/uploads\/2021\/07\/Ferger_Neubau_IMG_33191-300x207.jpg 300w, https:\/\/ferger-metallbau.de\/wp-content\/uploads\/2021\/07\/Ferger_Neubau_IMG_33191-1024x708.jpg 1024w, https:\/\/ferger-metallbau.de\/wp-content\/uploads\/2021\/07\/Ferger_Neubau_IMG_33191-768x531.jpg 768w, https:\/\/ferger-metallbau.de\/wp-content\/uploads\/2021\/07\/Ferger_Neubau_IMG_33191-1536x1062.jpg 1536w, https:\/\/ferger-metallbau.de\/wp-content\/uploads\/2021\/07\/Ferger_Neubau_IMG_33191-16x12.jpg 16w\" sizes=\"(max-width: 1790px) 100vw, 1790px\" \/>\t\t\t\t\t<\/a>\n\t\t\t<\/div>\n<\/div>\n<div class=\"qodef-e qodef-image-wrapper qodef-grid-item\">\n\t<div class=\"qodef-e-inner\">\n\t\t\t\t\t<a class=\"qodef-popup-item\" itemprop=\"image\" href=\"https:\/\/ferger-metallbau.de\/wp-content\/uploads\/2021\/07\/Ferger_Neubau_IMG_33211.jpg\" data-type=\"image\" data-fslightbox=\"gallery-208\">\n\t\t\t\t\t<img loading=\"lazy\" decoding=\"async\" width=\"940\" height=\"1237\" src=\"https:\/\/ferger-metallbau.de\/wp-content\/uploads\/2021\/07\/Ferger_Neubau_IMG_33211.jpg\" class=\"attachment-full size-full\" alt=\"\" srcset=\"https:\/\/ferger-metallbau.de\/wp-content\/uploads\/2021\/07\/Ferger_Neubau_IMG_33211.jpg 940w, https:\/\/ferger-metallbau.de\/wp-content\/uploads\/2021\/07\/Ferger_Neubau_IMG_33211-228x300.jpg 228w, https:\/\/ferger-metallbau.de\/wp-content\/uploads\/2021\/07\/Ferger_Neubau_IMG_33211-778x1024.jpg 778w, https:\/\/ferger-metallbau.de\/wp-content\/uploads\/2021\/07\/Ferger_Neubau_IMG_33211-768x1011.jpg 768w, https:\/\/ferger-metallbau.de\/wp-content\/uploads\/2021\/07\/Ferger_Neubau_IMG_33211-9x12.jpg 9w\" sizes=\"(max-width: 940px) 100vw, 940px\" \/>\t\t\t\t\t<\/a>\n\t\t\t<\/div>\n<\/div>\n\t<\/div>\n<\/div>\n\t\t\t\t<\/div>\n\t\t\t\t<\/div>\n\t\t\t\t\t<\/div>\n\t\t<\/div>\n\t\t\t\t\t<\/div>\n\t\t<\/section>\n\t\t\t\t<\/div>","protected":false},"excerpt":{"rendered":"<p>Aufgrund der starken Expansion in den vergangenen Jahren hat sich die Ferger-Gruppe entschlossen, ca. 5 Millionen Euro in eine neue Produktionshalle zu investieren. <\/p>","protected":false},"author":3,"featured_media":3685,"comment_status":"closed","ping_status":"closed","sticky":false,"template":"","format":"standard","meta":{"inline_featured_image":false,"footnotes":""},"categories":[1,25],"tags":[33,35,34,32,36],"class_list":["post-3682","post","type-post","status-publish","format-standard","has-post-thumbnail","hentry","category-allgemein","category-projekte","tag-fertigungszentrum","tag-investition","tag-mitarbeiter-parkplatz","tag-neubau","tag-zukunft"],"_links":{"self":[{"href":"https:\/\/ferger-metallbau.de\/en\/wp-json\/wp\/v2\/posts\/3682","targetHints":{"allow":["GET"]}}],"collection":[{"href":"https:\/\/ferger-metallbau.de\/en\/wp-json\/wp\/v2\/posts"}],"about":[{"href":"https:\/\/ferger-metallbau.de\/en\/wp-json\/wp\/v2\/types\/post"}],"author":[{"embeddable":true,"href":"https:\/\/ferger-metallbau.de\/en\/wp-json\/wp\/v2\/users\/3"}],"replies":[{"embeddable":true,"href":"https:\/\/ferger-metallbau.de\/en\/wp-json\/wp\/v2\/comments?post=3682"}],"version-history":[{"count":18,"href":"https:\/\/ferger-metallbau.de\/en\/wp-json\/wp\/v2\/posts\/3682\/revisions"}],"predecessor-version":[{"id":3746,"href":"https:\/\/ferger-metallbau.de\/en\/wp-json\/wp\/v2\/posts\/3682\/revisions\/3746"}],"wp:featuredmedia":[{"embeddable":true,"href":"https:\/\/ferger-metallbau.de\/en\/wp-json\/wp\/v2\/media\/3685"}],"wp:attachment":[{"href":"https:\/\/ferger-metallbau.de\/en\/wp-json\/wp\/v2\/media?parent=3682"}],"wp:term":[{"taxonomy":"category","embeddable":true,"href":"https:\/\/ferger-metallbau.de\/en\/wp-json\/wp\/v2\/categories?post=3682"},{"taxonomy":"post_tag","embeddable":true,"href":"https:\/\/ferger-metallbau.de\/en\/wp-json\/wp\/v2\/tags?post=3682"}],"curies":[{"name":"wp","href":"https:\/\/api.w.org\/{rel}","templated":true}]}}