{"id":3972,"date":"2023-08-01T20:42:46","date_gmt":"2023-08-01T18:42:46","guid":{"rendered":"https:\/\/ferger-metallbau.de\/?p=3972"},"modified":"2024-11-25T20:46:30","modified_gmt":"2024-11-25T19:46:30","slug":"neue-auszubildende","status":"publish","type":"post","link":"https:\/\/ferger-metallbau.de\/en\/2023\/08\/01\/neue-auszubildende\/","title":{"rendered":"Neue Auszubildende"},"content":{"rendered":"<div data-elementor-type=\"wp-post\" data-elementor-id=\"3972\" class=\"elementor elementor-3972\">\n\t\t\t\t\t\t<section class=\"elementor-section elementor-top-section elementor-element elementor-element-145403bf elementor-section-boxed elementor-section-height-default elementor-section-height-default qodef-elementor-content-no\" data-id=\"145403bf\" data-element_type=\"section\" data-e-type=\"section\">\n\t\t\t\t\t\t<div class=\"elementor-container elementor-column-gap-default\">\n\t\t\t\t\t<div class=\"elementor-column elementor-col-100 elementor-top-column elementor-element elementor-element-f861af7\" data-id=\"f861af7\" data-element_type=\"column\" data-e-type=\"column\">\n\t\t\t<div class=\"elementor-widget-wrap elementor-element-populated\">\n\t\t\t\t\t\t<div class=\"elementor-element elementor-element-63f80b0f elementor-widget elementor-widget-text-editor\" data-id=\"63f80b0f\" data-element_type=\"widget\" data-e-type=\"widget\" data-widget_type=\"text-editor.default\">\n\t\t\t\t<div class=\"elementor-widget-container\">\n\t\t\t\t\t\t\t\t\t<p>Ab 01.08.2023 k\u00f6nnen wir als Verst\u00e4rkung unseres Teams drei neue Auszubildende begr\u00fc\u00dfen. Mit Paul Bader, Driton Hasani und Alisa Schmal besch\u00e4ftigen wir aktuell 7 Auszubildende, die in unserer neuen Lehrlingswerkstatt auf ihre neuen Aufgaben vorbereitet werden.<\/p>\t\t\t\t\t\t\t\t<\/div>\n\t\t\t\t<\/div>\n\t\t\t\t\t<\/div>\n\t\t<\/div>\n\t\t\t\t\t<\/div>\n\t\t<\/section>\n\t\t\t\t<\/div>","protected":false},"excerpt":{"rendered":"<p>Ab 01.08.2023 k\u00f6nnen wir als Verst\u00e4rkung unseres Teams drei neue Auszubildende begr\u00fc\u00dfen. Mit Paul Bader, Driton Hasani und Alisa Schmal besch\u00e4ftigen wir aktuell 7 Auszubildende, die in unserer neuen Lehrlingswerkstatt auf ihre neuen Aufgaben vorbereitet werden.<\/p>","protected":false},"author":5,"featured_media":0,"comment_status":"closed","ping_status":"closed","sticky":false,"template":"","format":"standard","meta":{"inline_featured_image":false,"footnotes":""},"categories":[1],"tags":[37,38],"class_list":["post-3972","post","type-post","status-publish","format-standard","hentry","category-allgemein","tag-auszubildende","tag-weiterbildung"],"_links":{"self":[{"href":"https:\/\/ferger-metallbau.de\/en\/wp-json\/wp\/v2\/posts\/3972","targetHints":{"allow":["GET"]}}],"collection":[{"href":"https:\/\/ferger-metallbau.de\/en\/wp-json\/wp\/v2\/posts"}],"about":[{"href":"https:\/\/ferger-metallbau.de\/en\/wp-json\/wp\/v2\/types\/post"}],"author":[{"embeddable":true,"href":"https:\/\/ferger-metallbau.de\/en\/wp-json\/wp\/v2\/users\/5"}],"replies":[{"embeddable":true,"href":"https:\/\/ferger-metallbau.de\/en\/wp-json\/wp\/v2\/comments?post=3972"}],"version-history":[{"count":4,"href":"https:\/\/ferger-metallbau.de\/en\/wp-json\/wp\/v2\/posts\/3972\/revisions"}],"predecessor-version":[{"id":3976,"href":"https:\/\/ferger-metallbau.de\/en\/wp-json\/wp\/v2\/posts\/3972\/revisions\/3976"}],"wp:attachment":[{"href":"https:\/\/ferger-metallbau.de\/en\/wp-json\/wp\/v2\/media?parent=3972"}],"wp:term":[{"taxonomy":"category","embeddable":true,"href":"https:\/\/ferger-metallbau.de\/en\/wp-json\/wp\/v2\/categories?post=3972"},{"taxonomy":"post_tag","embeddable":true,"href":"https:\/\/ferger-metallbau.de\/en\/wp-json\/wp\/v2\/tags?post=3972"}],"curies":[{"name":"wp","href":"https:\/\/api.w.org\/{rel}","templated":true}]}}