{"id":563,"date":"2020-01-27T10:24:45","date_gmt":"2020-01-27T09:24:45","guid":{"rendered":"http:\/\/relaunch2021.ferger-metallbau.de\/?p=563"},"modified":"2021-07-13T09:30:07","modified_gmt":"2021-07-13T07:30:07","slug":"news-von-ferger-1","status":"publish","type":"post","link":"https:\/\/ferger-metallbau.de\/en\/2020\/01\/27\/news-von-ferger-1\/","title":{"rendered":"9.000 \u20ac  f\u00fcr den guten Zweck"},"content":{"rendered":"<div data-elementor-type=\"wp-post\" data-elementor-id=\"563\" class=\"elementor elementor-563\">\n\t\t\t\t\t\t<section class=\"elementor-section elementor-top-section elementor-element elementor-element-5b1a1f9 elementor-section-boxed elementor-section-height-default elementor-section-height-default qodef-elementor-content-no\" data-id=\"5b1a1f9\" data-element_type=\"section\" data-e-type=\"section\">\n\t\t\t\t\t\t<div class=\"elementor-container elementor-column-gap-default\">\n\t\t\t\t\t<div class=\"elementor-column elementor-col-100 elementor-top-column elementor-element elementor-element-e356c28\" data-id=\"e356c28\" data-element_type=\"column\" data-e-type=\"column\">\n\t\t\t<div class=\"elementor-widget-wrap elementor-element-populated\">\n\t\t\t\t\t\t<div class=\"elementor-element elementor-element-16489b0 elementor-widget elementor-widget-text-editor\" data-id=\"16489b0\" data-element_type=\"widget\" data-e-type=\"widget\" data-widget_type=\"text-editor.default\">\n\t\t\t\t<div class=\"elementor-widget-container\">\n\t\t\t\t\t\t\t\t\t<h4>Spende f\u00fcr Emmet<\/h4><p><strong>Winnen.<\/strong> Zu einer tollen Tradition auf der Weihnachtsfeier der Firma Ferger Metallbau GmbH hat sich im Laufe der Jahre eine Spendenaktion f\u00fcr soziale Zwecke entwickelt.<\/p><p>Alle Mitarbeiterinnen und Mitarbeiter zeigten wieder ein gro\u00dfes Herz und so kam alleine durch die Spendenbereitschaft der Belegschaft ein unglaublicher Betrag in H\u00f6he von 2.100 \u20ac zusammen.<\/p><p>F\u00fcr die Gesch\u00e4ftsleitung selbstverst\u00e4ndlich, unterst\u00fctzte sie auch in diesem Jahr die Spendenaktion und stockte die gesammelte Summe auf beachtliche 9.000 \u20ac auf.<\/p><p>Bei einem Besuch in der Firmenzentrale in Winnen wurde der Scheck durch Kristin Ferger, Theresa Orthey und Christian Hartmann an Emmett und seine Familie \u00fcbergeben. \u00dcberw\u00e4ltigt von dieser Hilfe, wurde die Spende mit gro\u00dfer Freude und Dankbarkeit entgegengenommen. Aufgrund eines tragischen Unfalls und somit der Fr\u00fchgeburt des kleinen Emmetts, kam der heute 5-J\u00e4hrige Junge leblos zur Welt und musste reanimiert werden. Dies hinterlie\u00df bei Emmett leider gro\u00dfe Sch\u00e4den und er ist seitdem schwerbehindert. Die Familie m\u00f6chte die Spende unter anderem f\u00fcr ein behindertengerechtes Kinderzimmer verwenden.<\/p><p>Die Gesch\u00e4ftsleitung und die Belegschaft der Firma Ferger sind gl\u00fccklich, dass Sie Emmett und seine Familie mit der Spende unterst\u00fctzen k\u00f6nnen.<\/p>\t\t\t\t\t\t\t\t<\/div>\n\t\t\t\t<\/div>\n\t\t\t\t\t<\/div>\n\t\t<\/div>\n\t\t\t\t\t<\/div>\n\t\t<\/section>\n\t\t\t\t<\/div>","protected":false},"excerpt":{"rendered":"<p>Eine sch\u00f6ne Tradition bei Firma Ferger Metallbau GmbH: Jedes Jahr spendet das Team und die Gesch\u00e4ftsleitung eine gemeinsame Summe f\u00fcr den guten Zweck.<\/p>","protected":false},"author":1,"featured_media":819,"comment_status":"closed","ping_status":"closed","sticky":false,"template":"","format":"standard","meta":{"inline_featured_image":false,"footnotes":""},"categories":[1,20],"tags":[22,23,24],"class_list":["post-563","post","type-post","status-publish","format-standard","has-post-thumbnail","hentry","category-allgemein","category-team","tag-spende","tag-spendenaktion","tag-weihnachtsfeier"],"_links":{"self":[{"href":"https:\/\/ferger-metallbau.de\/en\/wp-json\/wp\/v2\/posts\/563","targetHints":{"allow":["GET"]}}],"collection":[{"href":"https:\/\/ferger-metallbau.de\/en\/wp-json\/wp\/v2\/posts"}],"about":[{"href":"https:\/\/ferger-metallbau.de\/en\/wp-json\/wp\/v2\/types\/post"}],"author":[{"embeddable":true,"href":"https:\/\/ferger-metallbau.de\/en\/wp-json\/wp\/v2\/users\/1"}],"replies":[{"embeddable":true,"href":"https:\/\/ferger-metallbau.de\/en\/wp-json\/wp\/v2\/comments?post=563"}],"version-history":[{"count":22,"href":"https:\/\/ferger-metallbau.de\/en\/wp-json\/wp\/v2\/posts\/563\/revisions"}],"predecessor-version":[{"id":3714,"href":"https:\/\/ferger-metallbau.de\/en\/wp-json\/wp\/v2\/posts\/563\/revisions\/3714"}],"wp:featuredmedia":[{"embeddable":true,"href":"https:\/\/ferger-metallbau.de\/en\/wp-json\/wp\/v2\/media\/819"}],"wp:attachment":[{"href":"https:\/\/ferger-metallbau.de\/en\/wp-json\/wp\/v2\/media?parent=563"}],"wp:term":[{"taxonomy":"category","embeddable":true,"href":"https:\/\/ferger-metallbau.de\/en\/wp-json\/wp\/v2\/categories?post=563"},{"taxonomy":"post_tag","embeddable":true,"href":"https:\/\/ferger-metallbau.de\/en\/wp-json\/wp\/v2\/tags?post=563"}],"curies":[{"name":"wp","href":"https:\/\/api.w.org\/{rel}","templated":true}]}}